{"id":2565,"date":"2022-01-14T20:00:27","date_gmt":"2022-01-14T20:00:27","guid":{"rendered":"https:\/\/multideportes.tv\/?p=2565"},"modified":"2022-10-25T18:21:36","modified_gmt":"2022-10-26T00:21:36","slug":"un-mexicano-mas-a-la-liga-jesus-corona-es-nuevo-jugador-del-sevilla","status":"publish","type":"post","link":"https:\/\/multideportes.tv\/?p=2565","title":{"rendered":"\u00a1UN MEXICANO M\u00c1S A LA LIGA! JES\u00daS CORONA ES NUEVO JUGADOR DEL SEVILLA"},"content":{"rendered":"\n<p>Este viernes a trav\u00e9s de sus redes sociales, el Sevilla anunci\u00f3 de manera oficial la llegada del mexicano de 30 a\u00f1os, Jes\u00fas Manuel Corona mejor conocido como el &#8220;Tecatito&#8221; a la ciudad andaluz, como nuevo refuerzo por las pr\u00f3ximas 3 temporadas y media.<\/p>\n\n\n\n<p>El &#8220;Tecatito&#8221; llega a Sevilla, luego de no tener mucha participaci\u00f3n en los \u00faltimos meses con el cuadro de Oporto en la liga NOS y se recontrara con Julen Lopetegui, t\u00e9cnico que lo dirigi\u00f3 en los dragones y conoce de sobra.<\/p>\n\n\n\n<p>Este ser\u00e1 su tercer equipo en Europa para el jugador mexicano, luego de tener un gran paso por el Twente en los pa\u00edses bajos y con los dragones del Oporto, donde lleg\u00f3 a ser el mejor jugador de la liga NOS.<\/p>\n\n\n\n<p>Corona ser\u00e1 el cuarto futbolista mexicano en vestir la camiseta del Sevilla, se suma a Gerardo Torrado, Miguel Lay\u00fan y Javier Hern\u00e1ndez.<\/p>\n\n\n\n<figure class=\"wp-block-embed is-type-rich is-provider-twitter wp-block-embed-twitter\"><div class=\"wp-block-embed__wrapper\">\n<blockquote class=\"twitter-tweet\" data-width=\"550\" data-dnt=\"true\"><p lang=\"es\" dir=\"ltr\">\ud83d\udde3 Mensaje de \ud835\udc7b\ud835\udc86\ud835\udc84\ud835\udc82\ud835\udc95\ud835\udc8a\ud835\udc95\ud835\udc90 para todos los sevillistas. \ud83d\ude4c <a href=\"https:\/\/twitter.com\/hashtag\/WeareSevilla?src=hash&amp;ref_src=twsrc%5Etfw\">#WeareSevilla<\/a> <a href=\"https:\/\/twitter.com\/hashtag\/NuncaTeRindas?src=hash&amp;ref_src=twsrc%5Etfw\">#NuncaTeRindas<\/a> <a href=\"https:\/\/t.co\/ZiBNnwocqp\">pic.twitter.com\/ZiBNnwocqp<\/a><\/p>&mdash; Sevilla F\u00fatbol Club (@SevillaFC) <a href=\"https:\/\/twitter.com\/SevillaFC\/status\/1481943855477972993?ref_src=twsrc%5Etfw\">January 14, 2022<\/a><\/blockquote><script async src=\"https:\/\/platform.twitter.com\/widgets.js\" charset=\"utf-8\"><\/script>\n<\/div><\/figure>\n","protected":false},"excerpt":{"rendered":"<p>Este viernes a trav\u00e9s de sus redes sociales, el Sevilla anunci\u00f3 de manera oficial la&#8230;<\/p>\n","protected":false},"author":11,"featured_media":2566,"comment_status":"open","ping_status":"closed","sticky":false,"template":"","format":"standard","meta":{"footnotes":""},"categories":[1],"tags":[],"class_list":["post-2565","post","type-post","status-publish","format-standard","has-post-thumbnail","hentry","category-deportes"],"views":172,"featured_image_urls":{"full":["https:\/\/multideportes.tv\/wp-content\/uploads\/2022\/01\/tecateoficial.jpg",690,393,false],"thumbnail":["https:\/\/multideportes.tv\/wp-content\/uploads\/2022\/01\/tecateoficial-150x150.jpg",150,150,true],"medium":["https:\/\/multideportes.tv\/wp-content\/uploads\/2022\/01\/tecateoficial-300x171.jpg",300,171,true],"medium_large":["https:\/\/multideportes.tv\/wp-content\/uploads\/2022\/01\/tecateoficial.jpg",640,365,false],"large":["https:\/\/multideportes.tv\/wp-content\/uploads\/2022\/01\/tecateoficial.jpg",640,365,false],"1536x1536":["https:\/\/multideportes.tv\/wp-content\/uploads\/2022\/01\/tecateoficial.jpg",690,393,false],"2048x2048":["https:\/\/multideportes.tv\/wp-content\/uploads\/2022\/01\/tecateoficial.jpg",690,393,false],"covernews-slider-full":["https:\/\/multideportes.tv\/wp-content\/uploads\/2022\/01\/tecateoficial.jpg",690,393,false],"covernews-slider-center":["https:\/\/multideportes.tv\/wp-content\/uploads\/2022\/01\/tecateoficial.jpg",690,393,false],"covernews-featured":["https:\/\/multideportes.tv\/wp-content\/uploads\/2022\/01\/tecateoficial.jpg",690,393,false],"covernews-medium":["https:\/\/multideportes.tv\/wp-content\/uploads\/2022\/01\/tecateoficial.jpg",540,308,false],"covernews-medium-square":["https:\/\/multideportes.tv\/wp-content\/uploads\/2022\/01\/tecateoficial.jpg",400,228,false]},"author_info":{"display_name":"Gilmar Zambrano","author_link":"https:\/\/multideportes.tv\/?author=11"},"category_info":"<a href=\"https:\/\/multideportes.tv\/?cat=1\" rel=\"category\">Deportes<\/a>","tag_info":"Deportes","comment_count":"0","_links":{"self":[{"href":"https:\/\/multideportes.tv\/index.php?rest_route=\/wp\/v2\/posts\/2565","targetHints":{"allow":["GET"]}}],"collection":[{"href":"https:\/\/multideportes.tv\/index.php?rest_route=\/wp\/v2\/posts"}],"about":[{"href":"https:\/\/multideportes.tv\/index.php?rest_route=\/wp\/v2\/types\/post"}],"author":[{"embeddable":true,"href":"https:\/\/multideportes.tv\/index.php?rest_route=\/wp\/v2\/users\/11"}],"replies":[{"embeddable":true,"href":"https:\/\/multideportes.tv\/index.php?rest_route=%2Fwp%2Fv2%2Fcomments&post=2565"}],"version-history":[{"count":1,"href":"https:\/\/multideportes.tv\/index.php?rest_route=\/wp\/v2\/posts\/2565\/revisions"}],"predecessor-version":[{"id":2567,"href":"https:\/\/multideportes.tv\/index.php?rest_route=\/wp\/v2\/posts\/2565\/revisions\/2567"}],"wp:featuredmedia":[{"embeddable":true,"href":"https:\/\/multideportes.tv\/index.php?rest_route=\/wp\/v2\/media\/2566"}],"wp:attachment":[{"href":"https:\/\/multideportes.tv\/index.php?rest_route=%2Fwp%2Fv2%2Fmedia&parent=2565"}],"wp:term":[{"taxonomy":"category","embeddable":true,"href":"https:\/\/multideportes.tv\/index.php?rest_route=%2Fwp%2Fv2%2Fcategories&post=2565"},{"taxonomy":"post_tag","embeddable":true,"href":"https:\/\/multideportes.tv\/index.php?rest_route=%2Fwp%2Fv2%2Ftags&post=2565"}],"curies":[{"name":"wp","href":"https:\/\/api.w.org\/{rel}","templated":true}]}}