{"id":2582,"date":"2022-01-20T04:12:50","date_gmt":"2022-01-20T04:12:50","guid":{"rendered":"https:\/\/multideportes.tv\/?p=2582"},"modified":"2022-10-25T18:21:16","modified_gmt":"2022-10-26T00:21:16","slug":"messi-no-va-convocado-con-argentina","status":"publish","type":"post","link":"https:\/\/multideportes.tv\/?p=2582","title":{"rendered":"Messi no va convocado con Argentina."},"content":{"rendered":"\n<p> Los convocados de Scaloni para medir a Chile de visita el 28 de enero y Colombia como local el 2 de febrero. <\/p>\n\n\n\n<p>Messi, no ha sido convocado, seguir\u00e1 en Par\u00eds  recuperando su forma f\u00edsica para afrontar con su club la segunda mitad de temporada.<\/p>\n\n\n\n<p>&#8220;La pulga&#8221; no ha podido disputar ning\u00fan partido de lo que va de a\u00f1o 2022.<\/p>\n\n\n\n<figure class=\"wp-block-embed is-type-rich is-provider-twitter wp-block-embed-twitter\"><div class=\"wp-block-embed__wrapper\">\n<blockquote class=\"twitter-tweet\" data-width=\"550\" data-dnt=\"true\"><p lang=\"es\" dir=\"ltr\"><a href=\"https:\/\/twitter.com\/hashtag\/Selecci%C3%B3nMayor?src=hash&amp;ref_src=twsrc%5Etfw\">#Selecci\u00f3nMayor<\/a> Lista de convocados por <a href=\"https:\/\/twitter.com\/lioscaloni?ref_src=twsrc%5Etfw\">@lioscaloni<\/a> para los encuentros ante <a href=\"https:\/\/twitter.com\/hashtag\/Chile?src=hash&amp;ref_src=twsrc%5Etfw\">#Chile<\/a> \ud83c\udde8\ud83c\uddf1 y <a href=\"https:\/\/twitter.com\/hashtag\/Colombia?src=hash&amp;ref_src=twsrc%5Etfw\">#Colombia<\/a> \ud83c\udde8\ud83c\uddf4. <a href=\"https:\/\/t.co\/E9LUYzTUv8\">pic.twitter.com\/E9LUYzTUv8<\/a><\/p>&mdash; \ud83c\udde6\ud83c\uddf7 Selecci\u00f3n Argentina \u2b50\u2b50\u2b50 (@Argentina) <a href=\"https:\/\/twitter.com\/Argentina\/status\/1483816646791909385?ref_src=twsrc%5Etfw\">January 19, 2022<\/a><\/blockquote><script async src=\"https:\/\/platform.twitter.com\/widgets.js\" charset=\"utf-8\"><\/script>\n<\/div><\/figure>\n","protected":false},"excerpt":{"rendered":"<p>Los convocados de Scaloni para medir a Chile de visita el 28 de enero y&#8230;<\/p>\n","protected":false},"author":11,"featured_media":2583,"comment_status":"open","ping_status":"closed","sticky":false,"template":"","format":"standard","meta":{"footnotes":""},"categories":[103],"tags":[],"class_list":["post-2582","post","type-post","status-publish","format-standard","has-post-thumbnail","hentry","category-futbol"],"views":163,"featured_image_urls":{"full":["https:\/\/multideportes.tv\/wp-content\/uploads\/2022\/01\/16371757969681.jpg",1980,1114,false],"thumbnail":["https:\/\/multideportes.tv\/wp-content\/uploads\/2022\/01\/16371757969681-150x150.jpg",150,150,true],"medium":["https:\/\/multideportes.tv\/wp-content\/uploads\/2022\/01\/16371757969681-300x169.jpg",300,169,true],"medium_large":["https:\/\/multideportes.tv\/wp-content\/uploads\/2022\/01\/16371757969681-768x432.jpg",640,360,true],"large":["https:\/\/multideportes.tv\/wp-content\/uploads\/2022\/01\/16371757969681-1024x576.jpg",640,360,true],"1536x1536":["https:\/\/multideportes.tv\/wp-content\/uploads\/2022\/01\/16371757969681-1536x864.jpg",1536,864,true],"2048x2048":["https:\/\/multideportes.tv\/wp-content\/uploads\/2022\/01\/16371757969681.jpg",1980,1114,false],"covernews-slider-full":["https:\/\/multideportes.tv\/wp-content\/uploads\/2022\/01\/16371757969681.jpg",1115,627,false],"covernews-slider-center":["https:\/\/multideportes.tv\/wp-content\/uploads\/2022\/01\/16371757969681.jpg",800,450,false],"covernews-featured":["https:\/\/multideportes.tv\/wp-content\/uploads\/2022\/01\/16371757969681.jpg",1024,576,false],"covernews-medium":["https:\/\/multideportes.tv\/wp-content\/uploads\/2022\/01\/16371757969681.jpg",540,304,false],"covernews-medium-square":["https:\/\/multideportes.tv\/wp-content\/uploads\/2022\/01\/16371757969681.jpg",400,225,false]},"author_info":{"display_name":"Gilmar Zambrano","author_link":"https:\/\/multideportes.tv\/?author=11"},"category_info":"<a href=\"https:\/\/multideportes.tv\/?cat=103\" rel=\"category\">F\u00fatbol<\/a>","tag_info":"F\u00fatbol","comment_count":"0","_links":{"self":[{"href":"https:\/\/multideportes.tv\/index.php?rest_route=\/wp\/v2\/posts\/2582","targetHints":{"allow":["GET"]}}],"collection":[{"href":"https:\/\/multideportes.tv\/index.php?rest_route=\/wp\/v2\/posts"}],"about":[{"href":"https:\/\/multideportes.tv\/index.php?rest_route=\/wp\/v2\/types\/post"}],"author":[{"embeddable":true,"href":"https:\/\/multideportes.tv\/index.php?rest_route=\/wp\/v2\/users\/11"}],"replies":[{"embeddable":true,"href":"https:\/\/multideportes.tv\/index.php?rest_route=%2Fwp%2Fv2%2Fcomments&post=2582"}],"version-history":[{"count":1,"href":"https:\/\/multideportes.tv\/index.php?rest_route=\/wp\/v2\/posts\/2582\/revisions"}],"predecessor-version":[{"id":2584,"href":"https:\/\/multideportes.tv\/index.php?rest_route=\/wp\/v2\/posts\/2582\/revisions\/2584"}],"wp:featuredmedia":[{"embeddable":true,"href":"https:\/\/multideportes.tv\/index.php?rest_route=\/wp\/v2\/media\/2583"}],"wp:attachment":[{"href":"https:\/\/multideportes.tv\/index.php?rest_route=%2Fwp%2Fv2%2Fmedia&parent=2582"}],"wp:term":[{"taxonomy":"category","embeddable":true,"href":"https:\/\/multideportes.tv\/index.php?rest_route=%2Fwp%2Fv2%2Fcategories&post=2582"},{"taxonomy":"post_tag","embeddable":true,"href":"https:\/\/multideportes.tv\/index.php?rest_route=%2Fwp%2Fv2%2Ftags&post=2582"}],"curies":[{"name":"wp","href":"https:\/\/api.w.org\/{rel}","templated":true}]}}