{"id":2683,"date":"2022-03-11T15:09:33","date_gmt":"2022-03-11T15:09:33","guid":{"rendered":"https:\/\/multideportes.tv\/?p=2683"},"modified":"2022-10-25T18:20:58","modified_gmt":"2022-10-26T00:20:58","slug":"el-balon-de-oro-cambia-sus-reglas","status":"publish","type":"post","link":"https:\/\/multideportes.tv\/?p=2683","title":{"rendered":"<strong>El Bal\u00f3n de Oro cambia sus reglas<\/strong><br>"},"content":{"rendered":"\n<p><br>A partir de ahora se valorar\u00e1 la temporada y no el a\u00f1o natural, tambi\u00e9n los m\u00e9ritos individuales y no colectivos, y adem\u00e1s se reducir\u00e1 el n\u00famero de votantes.<\/p>\n\n\n\n<p>1. <strong>Por temporada<\/strong><br>Ya no se entregar\u00e1 el premio por a\u00f1o natural, sino por temporada. Esto es algo que se demandaba, pues con el anterior sistema hab\u00eda que juzgar lo hecho por un futbolista en dos campa\u00f1as diferentes. Los m\u00e9ritos siempre iban a caballo entre lo realizado en una temporada y en otra, con apenas importancia para la segunda parte al haber menos cosas relevantes en el calendario. De este manera, el pr\u00f3ximo trofeo evaluar\u00e1 \u00fanicamente la temporada 2021-2022. Queda, por tanto, fuera el Mundial, que formar\u00e1 parte del Bal\u00f3n de Oro 2022-2023.<\/p>\n\n\n\n<p>2. <strong>M\u00e1s especialistas<\/strong><br>A la hora de elaborar las listas previas, participar\u00e1n m\u00e1s personalidades que la propia redacci\u00f3n de France Football, que era la encargada de marcar la lista inicial de 30 jugadores masculinos, 20 femeninos y 10 jovenes para el <strong>Kopa<\/strong> y otros 10 para el <strong>Yashin<\/strong>. Por ejemplo <strong>Didier Drogba<\/strong>, embajador del Bal\u00f3n de Oro, o los ganadores de temporadas pasadas aportar\u00e1n su lista previa, al igual que otros jugadores que hayan aparecido en diferentes listas de premios. Lo mismo ocurrir\u00e1 en el apartado femenino.<\/p>\n\n\n\n<p>3. <strong>Menos votantes<\/strong><br>Una cr\u00edtica importante al Bal\u00f3n de Oro resid\u00eda en que algunos votantes de pa\u00edses peque\u00f1os no ten\u00edan la suficiente relevancia y cultura futbol\u00edstica como para equipararse a los de pa\u00edses poderosos. A partir de ahora, s\u00f3lo los representantes de los primeros 100 pa\u00edses del r\u00e1nking FIFA tendr\u00e1n derecho a voto. De esta manera, France Football se asegura que no haya votos sin una calidad lo suficientemente considerable que se equiparen al resto.<\/p>\n\n\n\n<p>4. <strong>Premio individual<\/strong><br>Aunque el Bal\u00f3n de Oro siempre fue un premio a un futbolista, a veces se ponderaron m\u00e1s los \u00e9xitos colectivos que los individuales. Es decir, aquel jugador que ganara varios t\u00edtulos con su club o selecci\u00f3n siempre estaba entre los finalistas incluso sin haber tenido un papel principal en estos logros.<\/p>\n","protected":false},"excerpt":{"rendered":"<p>A partir de ahora se valorar\u00e1 la temporada y no el a\u00f1o natural, tambi\u00e9n los&#8230;<\/p>\n","protected":false},"author":11,"featured_media":2684,"comment_status":"open","ping_status":"closed","sticky":false,"template":"","format":"standard","meta":{"footnotes":""},"categories":[1],"tags":[],"class_list":["post-2683","post","type-post","status-publish","format-standard","has-post-thumbnail","hentry","category-deportes"],"views":253,"featured_image_urls":{"full":["https:\/\/multideportes.tv\/wp-content\/uploads\/2022\/03\/premio_balon_de_oro-france_footbal-futbol_internacional_506710324_156127396_1706x960.jpg",1706,960,false],"thumbnail":["https:\/\/multideportes.tv\/wp-content\/uploads\/2022\/03\/premio_balon_de_oro-france_footbal-futbol_internacional_506710324_156127396_1706x960-150x150.jpg",150,150,true],"medium":["https:\/\/multideportes.tv\/wp-content\/uploads\/2022\/03\/premio_balon_de_oro-france_footbal-futbol_internacional_506710324_156127396_1706x960-300x169.jpg",300,169,true],"medium_large":["https:\/\/multideportes.tv\/wp-content\/uploads\/2022\/03\/premio_balon_de_oro-france_footbal-futbol_internacional_506710324_156127396_1706x960-768x432.jpg",640,360,true],"large":["https:\/\/multideportes.tv\/wp-content\/uploads\/2022\/03\/premio_balon_de_oro-france_footbal-futbol_internacional_506710324_156127396_1706x960-1024x576.jpg",640,360,true],"1536x1536":["https:\/\/multideportes.tv\/wp-content\/uploads\/2022\/03\/premio_balon_de_oro-france_footbal-futbol_internacional_506710324_156127396_1706x960-1536x864.jpg",1536,864,true],"2048x2048":["https:\/\/multideportes.tv\/wp-content\/uploads\/2022\/03\/premio_balon_de_oro-france_footbal-futbol_internacional_506710324_156127396_1706x960.jpg",1706,960,false],"covernews-slider-full":["https:\/\/multideportes.tv\/wp-content\/uploads\/2022\/03\/premio_balon_de_oro-france_footbal-futbol_internacional_506710324_156127396_1706x960.jpg",1115,627,false],"covernews-slider-center":["https:\/\/multideportes.tv\/wp-content\/uploads\/2022\/03\/premio_balon_de_oro-france_footbal-futbol_internacional_506710324_156127396_1706x960.jpg",800,450,false],"covernews-featured":["https:\/\/multideportes.tv\/wp-content\/uploads\/2022\/03\/premio_balon_de_oro-france_footbal-futbol_internacional_506710324_156127396_1706x960.jpg",1024,576,false],"covernews-medium":["https:\/\/multideportes.tv\/wp-content\/uploads\/2022\/03\/premio_balon_de_oro-france_footbal-futbol_internacional_506710324_156127396_1706x960.jpg",540,304,false],"covernews-medium-square":["https:\/\/multideportes.tv\/wp-content\/uploads\/2022\/03\/premio_balon_de_oro-france_footbal-futbol_internacional_506710324_156127396_1706x960.jpg",400,225,false]},"author_info":{"display_name":"Gilmar Zambrano","author_link":"https:\/\/multideportes.tv\/?author=11"},"category_info":"<a href=\"https:\/\/multideportes.tv\/?cat=1\" rel=\"category\">Deportes<\/a>","tag_info":"Deportes","comment_count":"0","_links":{"self":[{"href":"https:\/\/multideportes.tv\/index.php?rest_route=\/wp\/v2\/posts\/2683","targetHints":{"allow":["GET"]}}],"collection":[{"href":"https:\/\/multideportes.tv\/index.php?rest_route=\/wp\/v2\/posts"}],"about":[{"href":"https:\/\/multideportes.tv\/index.php?rest_route=\/wp\/v2\/types\/post"}],"author":[{"embeddable":true,"href":"https:\/\/multideportes.tv\/index.php?rest_route=\/wp\/v2\/users\/11"}],"replies":[{"embeddable":true,"href":"https:\/\/multideportes.tv\/index.php?rest_route=%2Fwp%2Fv2%2Fcomments&post=2683"}],"version-history":[{"count":1,"href":"https:\/\/multideportes.tv\/index.php?rest_route=\/wp\/v2\/posts\/2683\/revisions"}],"predecessor-version":[{"id":2685,"href":"https:\/\/multideportes.tv\/index.php?rest_route=\/wp\/v2\/posts\/2683\/revisions\/2685"}],"wp:featuredmedia":[{"embeddable":true,"href":"https:\/\/multideportes.tv\/index.php?rest_route=\/wp\/v2\/media\/2684"}],"wp:attachment":[{"href":"https:\/\/multideportes.tv\/index.php?rest_route=%2Fwp%2Fv2%2Fmedia&parent=2683"}],"wp:term":[{"taxonomy":"category","embeddable":true,"href":"https:\/\/multideportes.tv\/index.php?rest_route=%2Fwp%2Fv2%2Fcategories&post=2683"},{"taxonomy":"post_tag","embeddable":true,"href":"https:\/\/multideportes.tv\/index.php?rest_route=%2Fwp%2Fv2%2Ftags&post=2683"}],"curies":[{"name":"wp","href":"https:\/\/api.w.org\/{rel}","templated":true}]}}