{"id":2832,"date":"2022-05-16T19:30:03","date_gmt":"2022-05-16T19:30:03","guid":{"rendered":"https:\/\/multideportes.tv\/?p=2832"},"modified":"2022-10-25T18:20:41","modified_gmt":"2022-10-26T00:20:41","slug":"bale-se-marcha-del-real-madrid","status":"publish","type":"post","link":"https:\/\/multideportes.tv\/?p=2832","title":{"rendered":"Bale se marcha del Real Madrid"},"content":{"rendered":"\n<p>El de Cardiff termina contrato el 30 de junio, su futuro depende si su selecci\u00f3n se clasifica para Qatar 2022<\/p>\n\n\n\n<p>As\u00ed lo confirm\u00f3 su agente Jonathan Barnett. &#8220;Gareth se va del Real Madrid, pero en cuanto a su futuro depender\u00e1 de lo que haga Gales. Si se clasifica para el Mundial, tomaremos una decisi\u00f3n; si no, puede variar&#8221;.<\/p>\n\n\n\n<p>Domingo 5 de junio es la fecha clave, d\u00eda en el que Bale disputar\u00e1 la final de la \u00faltima repesca europea.<\/p>\n\n\n\n<p><\/p>\n\n\n\n<p><\/p>\n","protected":false},"excerpt":{"rendered":"<p>El de Cardiff termina contrato el 30 de junio, su futuro depende si su selecci\u00f3n&#8230;<\/p>\n","protected":false},"author":11,"featured_media":2833,"comment_status":"open","ping_status":"closed","sticky":false,"template":"","format":"standard","meta":{"footnotes":""},"categories":[1],"tags":[],"class_list":["post-2832","post","type-post","status-publish","format-standard","has-post-thumbnail","hentry","category-deportes"],"views":188,"featured_image_urls":{"full":["https:\/\/multideportes.tv\/wp-content\/uploads\/2022\/05\/gareth-bale-suelo-real-madrid-europa-press-scaled.jpeg",2560,1707,false],"thumbnail":["https:\/\/multideportes.tv\/wp-content\/uploads\/2022\/05\/gareth-bale-suelo-real-madrid-europa-press-150x150.jpeg",150,150,true],"medium":["https:\/\/multideportes.tv\/wp-content\/uploads\/2022\/05\/gareth-bale-suelo-real-madrid-europa-press-300x200.jpeg",300,200,true],"medium_large":["https:\/\/multideportes.tv\/wp-content\/uploads\/2022\/05\/gareth-bale-suelo-real-madrid-europa-press-768x512.jpeg",640,427,true],"large":["https:\/\/multideportes.tv\/wp-content\/uploads\/2022\/05\/gareth-bale-suelo-real-madrid-europa-press-1024x683.jpeg",640,427,true],"1536x1536":["https:\/\/multideportes.tv\/wp-content\/uploads\/2022\/05\/gareth-bale-suelo-real-madrid-europa-press-1536x1024.jpeg",1536,1024,true],"2048x2048":["https:\/\/multideportes.tv\/wp-content\/uploads\/2022\/05\/gareth-bale-suelo-real-madrid-europa-press-2048x1365.jpeg",2048,1365,true],"covernews-slider-full":["https:\/\/multideportes.tv\/wp-content\/uploads\/2022\/05\/gareth-bale-suelo-real-madrid-europa-press-scaled.jpeg",1072,715,false],"covernews-slider-center":["https:\/\/multideportes.tv\/wp-content\/uploads\/2022\/05\/gareth-bale-suelo-real-madrid-europa-press-scaled.jpeg",750,500,false],"covernews-featured":["https:\/\/multideportes.tv\/wp-content\/uploads\/2022\/05\/gareth-bale-suelo-real-madrid-europa-press-scaled.jpeg",1024,683,false],"covernews-medium":["https:\/\/multideportes.tv\/wp-content\/uploads\/2022\/05\/gareth-bale-suelo-real-madrid-europa-press-scaled.jpeg",510,340,false],"covernews-medium-square":["https:\/\/multideportes.tv\/wp-content\/uploads\/2022\/05\/gareth-bale-suelo-real-madrid-europa-press-scaled.jpeg",375,250,false]},"author_info":{"display_name":"Gilmar Zambrano","author_link":"https:\/\/multideportes.tv\/?author=11"},"category_info":"<a href=\"https:\/\/multideportes.tv\/?cat=1\" rel=\"category\">Deportes<\/a>","tag_info":"Deportes","comment_count":"0","_links":{"self":[{"href":"https:\/\/multideportes.tv\/index.php?rest_route=\/wp\/v2\/posts\/2832","targetHints":{"allow":["GET"]}}],"collection":[{"href":"https:\/\/multideportes.tv\/index.php?rest_route=\/wp\/v2\/posts"}],"about":[{"href":"https:\/\/multideportes.tv\/index.php?rest_route=\/wp\/v2\/types\/post"}],"author":[{"embeddable":true,"href":"https:\/\/multideportes.tv\/index.php?rest_route=\/wp\/v2\/users\/11"}],"replies":[{"embeddable":true,"href":"https:\/\/multideportes.tv\/index.php?rest_route=%2Fwp%2Fv2%2Fcomments&post=2832"}],"version-history":[{"count":2,"href":"https:\/\/multideportes.tv\/index.php?rest_route=\/wp\/v2\/posts\/2832\/revisions"}],"predecessor-version":[{"id":2836,"href":"https:\/\/multideportes.tv\/index.php?rest_route=\/wp\/v2\/posts\/2832\/revisions\/2836"}],"wp:featuredmedia":[{"embeddable":true,"href":"https:\/\/multideportes.tv\/index.php?rest_route=\/wp\/v2\/media\/2833"}],"wp:attachment":[{"href":"https:\/\/multideportes.tv\/index.php?rest_route=%2Fwp%2Fv2%2Fmedia&parent=2832"}],"wp:term":[{"taxonomy":"category","embeddable":true,"href":"https:\/\/multideportes.tv\/index.php?rest_route=%2Fwp%2Fv2%2Fcategories&post=2832"},{"taxonomy":"post_tag","embeddable":true,"href":"https:\/\/multideportes.tv\/index.php?rest_route=%2Fwp%2Fv2%2Ftags&post=2832"}],"curies":[{"name":"wp","href":"https:\/\/api.w.org\/{rel}","templated":true}]}}