{"id":2907,"date":"2022-06-25T14:17:18","date_gmt":"2022-06-25T14:17:18","guid":{"rendered":"https:\/\/multideportes.tv\/?p=2907"},"modified":"2022-10-25T18:20:07","modified_gmt":"2022-10-26T00:20:07","slug":"la-superliga-esta-muerta-porque-nadie-quiere-participar","status":"publish","type":"post","link":"https:\/\/multideportes.tv\/?p=2907","title":{"rendered":"&#8220;La Superliga est\u00e1 muerta porque nadie quiere participar&#8221;"},"content":{"rendered":"\n<p>Aleksander \u010ceferin habl\u00f3 de la nueva Champions League, de su relaci\u00f3n con <strong>Florentino P\u00e9rez<\/strong> y <strong>Nasser al-Khelaifi<\/strong> y del tema de su comparecencia ante el Tribunal donde explicar\u00e1 que la UEFA no es monopolio.<\/p>\n\n\n\n<p>&#8220;Dir\u00e9 que la UEFA no es un monopolio. Uno es libre de estar en ella o no. Puede participar en nuestras copas u organizar la suya propia. Pero entonces, es l\u00f3gico que no juegue las nuestras, \u00bfno? Sea cual sea la decisi\u00f3n del Tribunal, nada cambia: la Superliga est\u00e1 muerta porque nadie quiere participar. Solo veo a tres personas enfadadas con todos, llevando a todo el mundo a los tribunales&#8221;<\/p>\n\n\n\n<p><strong>La nueva Champions<\/strong> <\/p>\n\n\n\n<p>&#8220;Es f\u00e1cil atacar siempre a la UEFA y a la FIFA, pero el discurso es sencillo:<strong>\u00a0si se juega menos, se cobra menos.<\/strong>\u00a0Los que deber\u00edan quejarse son los trabajadores de las f\u00e1bricas que cobran mil euros al mes&#8221;<\/p>\n\n\n\n<p><strong>Relaci\u00f3n con Florentino P\u00e9rez<\/strong> <\/p>\n\n\n\n<p>&#8220;Estuve con Florentino P\u00e9rez y respet\u00e9 el protocolo, la UEFA no es de mi propiedad. En la final de Par\u00eds, estuvimos codo con codo. Nos felicitamos, pero eso es todo&#8221;<\/p>\n\n\n\n<p><strong>Relaci\u00f3n con Al-Khelaifi <\/strong><\/p>\n\n\n\n<p><strong>&#8220;Mi buena relaci\u00f3n no es con el PSG, sino con el presidente de la ECA.\u00a0<\/strong>Es uno de los que entendi\u00f3 y defendi\u00f3 el modelo europeo, a diferencia de otros presidentes europeos&#8221;<\/p>\n","protected":false},"excerpt":{"rendered":"<p>Aleksander \u010ceferin habl\u00f3 de la nueva Champions League, de su relaci\u00f3n con Florentino P\u00e9rez y&#8230;<\/p>\n","protected":false},"author":11,"featured_media":2908,"comment_status":"open","ping_status":"closed","sticky":false,"template":"","format":"standard","meta":{"footnotes":""},"categories":[1],"tags":[],"class_list":["post-2907","post","type-post","status-publish","format-standard","has-post-thumbnail","hentry","category-deportes"],"views":114,"featured_image_urls":{"full":["https:\/\/multideportes.tv\/wp-content\/uploads\/2022\/06\/actualidad_334229833_95163413_1024x576.jpg",1024,576,false],"thumbnail":["https:\/\/multideportes.tv\/wp-content\/uploads\/2022\/06\/actualidad_334229833_95163413_1024x576-150x150.jpg",150,150,true],"medium":["https:\/\/multideportes.tv\/wp-content\/uploads\/2022\/06\/actualidad_334229833_95163413_1024x576-300x169.jpg",300,169,true],"medium_large":["https:\/\/multideportes.tv\/wp-content\/uploads\/2022\/06\/actualidad_334229833_95163413_1024x576-768x432.jpg",640,360,true],"large":["https:\/\/multideportes.tv\/wp-content\/uploads\/2022\/06\/actualidad_334229833_95163413_1024x576.jpg",640,360,false],"1536x1536":["https:\/\/multideportes.tv\/wp-content\/uploads\/2022\/06\/actualidad_334229833_95163413_1024x576.jpg",1024,576,false],"2048x2048":["https:\/\/multideportes.tv\/wp-content\/uploads\/2022\/06\/actualidad_334229833_95163413_1024x576.jpg",1024,576,false],"covernews-slider-full":["https:\/\/multideportes.tv\/wp-content\/uploads\/2022\/06\/actualidad_334229833_95163413_1024x576.jpg",1024,576,false],"covernews-slider-center":["https:\/\/multideportes.tv\/wp-content\/uploads\/2022\/06\/actualidad_334229833_95163413_1024x576.jpg",800,450,false],"covernews-featured":["https:\/\/multideportes.tv\/wp-content\/uploads\/2022\/06\/actualidad_334229833_95163413_1024x576.jpg",1024,576,false],"covernews-medium":["https:\/\/multideportes.tv\/wp-content\/uploads\/2022\/06\/actualidad_334229833_95163413_1024x576.jpg",540,304,false],"covernews-medium-square":["https:\/\/multideportes.tv\/wp-content\/uploads\/2022\/06\/actualidad_334229833_95163413_1024x576.jpg",400,225,false]},"author_info":{"display_name":"Gilmar Zambrano","author_link":"https:\/\/multideportes.tv\/?author=11"},"category_info":"<a href=\"https:\/\/multideportes.tv\/?cat=1\" rel=\"category\">Deportes<\/a>","tag_info":"Deportes","comment_count":"0","_links":{"self":[{"href":"https:\/\/multideportes.tv\/index.php?rest_route=\/wp\/v2\/posts\/2907","targetHints":{"allow":["GET"]}}],"collection":[{"href":"https:\/\/multideportes.tv\/index.php?rest_route=\/wp\/v2\/posts"}],"about":[{"href":"https:\/\/multideportes.tv\/index.php?rest_route=\/wp\/v2\/types\/post"}],"author":[{"embeddable":true,"href":"https:\/\/multideportes.tv\/index.php?rest_route=\/wp\/v2\/users\/11"}],"replies":[{"embeddable":true,"href":"https:\/\/multideportes.tv\/index.php?rest_route=%2Fwp%2Fv2%2Fcomments&post=2907"}],"version-history":[{"count":1,"href":"https:\/\/multideportes.tv\/index.php?rest_route=\/wp\/v2\/posts\/2907\/revisions"}],"predecessor-version":[{"id":2909,"href":"https:\/\/multideportes.tv\/index.php?rest_route=\/wp\/v2\/posts\/2907\/revisions\/2909"}],"wp:featuredmedia":[{"embeddable":true,"href":"https:\/\/multideportes.tv\/index.php?rest_route=\/wp\/v2\/media\/2908"}],"wp:attachment":[{"href":"https:\/\/multideportes.tv\/index.php?rest_route=%2Fwp%2Fv2%2Fmedia&parent=2907"}],"wp:term":[{"taxonomy":"category","embeddable":true,"href":"https:\/\/multideportes.tv\/index.php?rest_route=%2Fwp%2Fv2%2Fcategories&post=2907"},{"taxonomy":"post_tag","embeddable":true,"href":"https:\/\/multideportes.tv\/index.php?rest_route=%2Fwp%2Fv2%2Ftags&post=2907"}],"curies":[{"name":"wp","href":"https:\/\/api.w.org\/{rel}","templated":true}]}}