{"id":3345,"date":"2022-09-14T23:12:57","date_gmt":"2022-09-14T21:12:57","guid":{"rendered":"https:\/\/multideportes.tv\/?p=3345"},"modified":"2022-10-25T18:17:06","modified_gmt":"2022-10-26T00:17:06","slug":"pajarito-canta-y-asensio-sentencia","status":"publish","type":"post","link":"https:\/\/multideportes.tv\/?p=3345","title":{"rendered":"Pajarito canta y Asensio sentencia"},"content":{"rendered":"\n<p>El uruguayo vuelve a desatascar a su equipo con un gol con mucha clase.<\/p>\n\n\n\n<figure class=\"wp-block-image aligncenter size-large\"><img fetchpriority=\"high\" decoding=\"async\" width=\"1024\" height=\"682\" src=\"https:\/\/multideportes.tv\/wp-content\/uploads\/2022\/09\/20220914_225830-1-1024x682.jpg\" alt=\"\" class=\"wp-image-3347\" srcset=\"https:\/\/multideportes.tv\/wp-content\/uploads\/2022\/09\/20220914_225830-1-1024x682.jpg 1024w, https:\/\/multideportes.tv\/wp-content\/uploads\/2022\/09\/20220914_225830-1-300x200.jpg 300w, https:\/\/multideportes.tv\/wp-content\/uploads\/2022\/09\/20220914_225830-1-768x512.jpg 768w, https:\/\/multideportes.tv\/wp-content\/uploads\/2022\/09\/20220914_225830-1-1536x1023.jpg 1536w, https:\/\/multideportes.tv\/wp-content\/uploads\/2022\/09\/20220914_225830-1.jpg 2048w\" sizes=\"(max-width: 1024px) 100vw, 1024px\" \/><\/figure>\n\n\n\n<p>Asensio se reconcili\u00f3 con su p\u00fablico y marc\u00f3 el tanto que le da la octava victoria consecutiva al Real Madrid que lo pone como l\u00edder solitario del grupo F.<\/p>\n\n\n\n<figure class=\"wp-block-image aligncenter size-large\"><img decoding=\"async\" width=\"1024\" height=\"576\" src=\"https:\/\/multideportes.tv\/wp-content\/uploads\/2022\/09\/20220914_230133-1024x576.jpg\" alt=\"\" class=\"wp-image-3348\" srcset=\"https:\/\/multideportes.tv\/wp-content\/uploads\/2022\/09\/20220914_230133-1024x576.jpg 1024w, https:\/\/multideportes.tv\/wp-content\/uploads\/2022\/09\/20220914_230133-300x169.jpg 300w, https:\/\/multideportes.tv\/wp-content\/uploads\/2022\/09\/20220914_230133-768x432.jpg 768w, https:\/\/multideportes.tv\/wp-content\/uploads\/2022\/09\/20220914_230133.jpg 1471w\" sizes=\"(max-width: 1024px) 100vw, 1024px\" \/><\/figure>\n\n\n\n<p> Ancelotti, volvi\u00f3 a dejar sin minutos a Hazard, parece ser que no cree en el belga, ni como delantero, ni punta, ni media punta. El italiano incluso le dio minutos a Mariano D\u00edaz.<\/p>\n","protected":false},"excerpt":{"rendered":"<p>El uruguayo vuelve a desatascar a su equipo con un gol con mucha clase. Asensio&#8230;<\/p>\n","protected":false},"author":11,"featured_media":3349,"comment_status":"open","ping_status":"closed","sticky":false,"template":"","format":"standard","meta":{"footnotes":""},"categories":[1],"tags":[],"class_list":["post-3345","post","type-post","status-publish","format-standard","has-post-thumbnail","hentry","category-deportes"],"views":126,"featured_image_urls":{"full":["https:\/\/multideportes.tv\/wp-content\/uploads\/2022\/09\/20220914_231102.jpg",612,408,false],"thumbnail":["https:\/\/multideportes.tv\/wp-content\/uploads\/2022\/09\/20220914_231102-150x150.jpg",150,150,true],"medium":["https:\/\/multideportes.tv\/wp-content\/uploads\/2022\/09\/20220914_231102-300x200.jpg",300,200,true],"medium_large":["https:\/\/multideportes.tv\/wp-content\/uploads\/2022\/09\/20220914_231102.jpg",612,408,false],"large":["https:\/\/multideportes.tv\/wp-content\/uploads\/2022\/09\/20220914_231102.jpg",612,408,false],"1536x1536":["https:\/\/multideportes.tv\/wp-content\/uploads\/2022\/09\/20220914_231102.jpg",612,408,false],"2048x2048":["https:\/\/multideportes.tv\/wp-content\/uploads\/2022\/09\/20220914_231102.jpg",612,408,false],"covernews-slider-full":["https:\/\/multideportes.tv\/wp-content\/uploads\/2022\/09\/20220914_231102.jpg",612,408,false],"covernews-slider-center":["https:\/\/multideportes.tv\/wp-content\/uploads\/2022\/09\/20220914_231102.jpg",612,408,false],"covernews-featured":["https:\/\/multideportes.tv\/wp-content\/uploads\/2022\/09\/20220914_231102.jpg",612,408,false],"covernews-medium":["https:\/\/multideportes.tv\/wp-content\/uploads\/2022\/09\/20220914_231102.jpg",510,340,false],"covernews-medium-square":["https:\/\/multideportes.tv\/wp-content\/uploads\/2022\/09\/20220914_231102.jpg",375,250,false]},"author_info":{"display_name":"Gilmar Zambrano","author_link":"https:\/\/multideportes.tv\/?author=11"},"category_info":"<a href=\"https:\/\/multideportes.tv\/?cat=1\" rel=\"category\">Deportes<\/a>","tag_info":"Deportes","comment_count":"0","_links":{"self":[{"href":"https:\/\/multideportes.tv\/index.php?rest_route=\/wp\/v2\/posts\/3345","targetHints":{"allow":["GET"]}}],"collection":[{"href":"https:\/\/multideportes.tv\/index.php?rest_route=\/wp\/v2\/posts"}],"about":[{"href":"https:\/\/multideportes.tv\/index.php?rest_route=\/wp\/v2\/types\/post"}],"author":[{"embeddable":true,"href":"https:\/\/multideportes.tv\/index.php?rest_route=\/wp\/v2\/users\/11"}],"replies":[{"embeddable":true,"href":"https:\/\/multideportes.tv\/index.php?rest_route=%2Fwp%2Fv2%2Fcomments&post=3345"}],"version-history":[{"count":1,"href":"https:\/\/multideportes.tv\/index.php?rest_route=\/wp\/v2\/posts\/3345\/revisions"}],"predecessor-version":[{"id":3350,"href":"https:\/\/multideportes.tv\/index.php?rest_route=\/wp\/v2\/posts\/3345\/revisions\/3350"}],"wp:featuredmedia":[{"embeddable":true,"href":"https:\/\/multideportes.tv\/index.php?rest_route=\/wp\/v2\/media\/3349"}],"wp:attachment":[{"href":"https:\/\/multideportes.tv\/index.php?rest_route=%2Fwp%2Fv2%2Fmedia&parent=3345"}],"wp:term":[{"taxonomy":"category","embeddable":true,"href":"https:\/\/multideportes.tv\/index.php?rest_route=%2Fwp%2Fv2%2Fcategories&post=3345"},{"taxonomy":"post_tag","embeddable":true,"href":"https:\/\/multideportes.tv\/index.php?rest_route=%2Fwp%2Fv2%2Ftags&post=3345"}],"curies":[{"name":"wp","href":"https:\/\/api.w.org\/{rel}","templated":true}]}}