{"id":5684,"date":"2026-04-25T19:30:28","date_gmt":"2026-04-26T01:30:28","guid":{"rendered":"https:\/\/multideportes.tv\/?p=5684"},"modified":"2026-04-25T19:36:56","modified_gmt":"2026-04-26T01:36:56","slug":"fragozo-encendio-la-caldera","status":"publish","type":"post","link":"https:\/\/multideportes.tv\/?p=5684","title":{"rendered":"Fragozo encendi\u00f3 &#8220;La Caldera&#8221;"},"content":{"rendered":"\n<p>El  Capwell rugi\u00f3 como en sus mejores \u00e9pocas, Emelec derrot\u00f3 a Liga de Quito con una actuaci\u00f3n que devuelve la ilusi\u00f3n a la hinchada azul. El h\u00e9roe de la noche fue Fragozo, el joven talento que no solo grit\u00f3 su primer gol como profesional, sino que lo hizo con la frialdad de un veterano: mano a mano ante Valle, eligi\u00f3 el camino del arte y la &#8220;pic\u00f3&#8221; con una clase magistral y desatar la locura en el fort\u00edn el\u00e9ctrico.<\/p>\n\n\n\n<p><strong>Un triunfo con peso hist\u00f3rico y an\u00edmico<\/strong><\/p>\n\n\n\n<p>Esta victoria marca un antes y un despu\u00e9s en la temporada del &#8220;Bombillo&#8221;:<\/p>\n\n\n\n<ul class=\"wp-block-list\">\n<li><strong>Centenar de victorias: <\/strong>Emelec alcanza <strong>su victoria n\u00famero 100<\/strong> sobre los &#8220;Albos&#8221; en la historia de los torneos nacionales.<\/li>\n\n\n\n<li><strong>Resurrecci\u00f3n en la Tabla:<\/strong> Con este resultado, el equipo azul sale oficialmente de la zona del hexagonal de descenso, recuperando la confianza para pelear en la parte alta de la tabla.<\/li>\n\n\n\n<li><strong>Paso en Firme:<\/strong> El proceso empieza a dar frutos, dejando atr\u00e1s la crisis de resultados que acechaba al club.<\/li>\n<\/ul>\n\n\n\n<p><strong>Pr\u00f3ximos desaf\u00edos<\/strong> <\/p>\n\n\n\n<p>El calendario no da tregua. Tras este envi\u00f3n an\u00edmico, <strong>Emelec<\/strong> deber\u00e1 ratificar su levantada jugando en condici\u00f3n de visitante frente a <strong>Leones del Norte.<\/strong> Por su parte, <strong>Liga de Quito<\/strong> intentar\u00e1 lamerse las heridas cuando reciba en su estadio a <strong>Guayaquil City.<\/strong><\/p>\n\n\n\n<p><\/p>\n","protected":false},"excerpt":{"rendered":"<p>El Capwell rugi\u00f3 como en sus mejores \u00e9pocas, Emelec derrot\u00f3 a Liga de Quito con&#8230;<\/p>\n","protected":false},"author":11,"featured_media":5687,"comment_status":"closed","ping_status":"closed","sticky":true,"template":"","format":"standard","meta":{"footnotes":""},"categories":[111],"tags":[],"class_list":["post-5684","post","type-post","status-publish","format-standard","has-post-thumbnail","hentry","category-liga-pro"],"views":9,"featured_image_urls":{"full":["https:\/\/multideportes.tv\/wp-content\/uploads\/2026\/04\/1000058824-1.jpg",1586,992,false],"thumbnail":["https:\/\/multideportes.tv\/wp-content\/uploads\/2026\/04\/1000058824-1-150x150.jpg",150,150,true],"medium":["https:\/\/multideportes.tv\/wp-content\/uploads\/2026\/04\/1000058824-1-300x188.jpg",300,188,true],"medium_large":["https:\/\/multideportes.tv\/wp-content\/uploads\/2026\/04\/1000058824-1-768x480.jpg",640,400,true],"large":["https:\/\/multideportes.tv\/wp-content\/uploads\/2026\/04\/1000058824-1-1024x640.jpg",640,400,true],"1536x1536":["https:\/\/multideportes.tv\/wp-content\/uploads\/2026\/04\/1000058824-1-1536x961.jpg",1536,961,true],"2048x2048":["https:\/\/multideportes.tv\/wp-content\/uploads\/2026\/04\/1000058824-1.jpg",1586,992,false],"covernews-slider-full":["https:\/\/multideportes.tv\/wp-content\/uploads\/2026\/04\/1000058824-1-1115x715.jpg",1115,715,true],"covernews-slider-center":["https:\/\/multideportes.tv\/wp-content\/uploads\/2026\/04\/1000058824-1-800x500.jpg",800,500,true],"covernews-featured":["https:\/\/multideportes.tv\/wp-content\/uploads\/2026\/04\/1000058824-1-1024x640.jpg",1024,640,true],"covernews-medium":["https:\/\/multideportes.tv\/wp-content\/uploads\/2026\/04\/1000058824-1-540x340.jpg",540,340,true],"covernews-medium-square":["https:\/\/multideportes.tv\/wp-content\/uploads\/2026\/04\/1000058824-1-400x250.jpg",400,250,true]},"author_info":{"display_name":"Gilmar Zambrano","author_link":"https:\/\/multideportes.tv\/?author=11"},"category_info":"<a href=\"https:\/\/multideportes.tv\/?cat=111\" rel=\"category\">Liga Pro<\/a>","tag_info":"Liga Pro","comment_count":"0","_links":{"self":[{"href":"https:\/\/multideportes.tv\/index.php?rest_route=\/wp\/v2\/posts\/5684","targetHints":{"allow":["GET"]}}],"collection":[{"href":"https:\/\/multideportes.tv\/index.php?rest_route=\/wp\/v2\/posts"}],"about":[{"href":"https:\/\/multideportes.tv\/index.php?rest_route=\/wp\/v2\/types\/post"}],"author":[{"embeddable":true,"href":"https:\/\/multideportes.tv\/index.php?rest_route=\/wp\/v2\/users\/11"}],"replies":[{"embeddable":true,"href":"https:\/\/multideportes.tv\/index.php?rest_route=%2Fwp%2Fv2%2Fcomments&post=5684"}],"version-history":[{"count":1,"href":"https:\/\/multideportes.tv\/index.php?rest_route=\/wp\/v2\/posts\/5684\/revisions"}],"predecessor-version":[{"id":5685,"href":"https:\/\/multideportes.tv\/index.php?rest_route=\/wp\/v2\/posts\/5684\/revisions\/5685"}],"wp:featuredmedia":[{"embeddable":true,"href":"https:\/\/multideportes.tv\/index.php?rest_route=\/wp\/v2\/media\/5687"}],"wp:attachment":[{"href":"https:\/\/multideportes.tv\/index.php?rest_route=%2Fwp%2Fv2%2Fmedia&parent=5684"}],"wp:term":[{"taxonomy":"category","embeddable":true,"href":"https:\/\/multideportes.tv\/index.php?rest_route=%2Fwp%2Fv2%2Fcategories&post=5684"},{"taxonomy":"post_tag","embeddable":true,"href":"https:\/\/multideportes.tv\/index.php?rest_route=%2Fwp%2Fv2%2Ftags&post=5684"}],"curies":[{"name":"wp","href":"https:\/\/api.w.org\/{rel}","templated":true}]}}