{"id":5688,"date":"2026-04-27T07:16:23","date_gmt":"2026-04-27T13:16:23","guid":{"rendered":"https:\/\/multideportes.tv\/?p=5688"},"modified":"2026-04-27T07:16:25","modified_gmt":"2026-04-27T13:16:25","slug":"mbappe-es-duda-para-el-clasico","status":"publish","type":"post","link":"https:\/\/multideportes.tv\/?p=5688","title":{"rendered":"Mbapp\u00e9 es duda para el Cl\u00e1sico"},"content":{"rendered":"\n<p>El Real Madrid ha emitido un parte m\u00e9dico oficial tras las pruebas realizadas este lunes a <strong>Kylian Mbapp\u00e9<\/strong>. El delantero franc\u00e9s, que se vio obligado a retirarse del terreno de juego el pasado viernes ante el Betis, sufre una <strong>lesi\u00f3n en el m\u00fasculo semitendinoso de su pierna izquierda<\/strong>.<\/p>\n\n\n\n<p><br>Este contratiempo llega en un momento cr\u00edtico del calendario, justo antes del enfrentamiento ante el FC Barcelona. Aunque el informe cl\u00ednico no detalla un tiempo de baja estimado, la zona afectada es delicada, ya que interviene directamente en la aceleraci\u00f3n y los movimientos de alta intensidad del futbolista. Pese a la confirmaci\u00f3n de la dolencia, el club ha decidido no descartarlo todav\u00eda para el duelo en el Camp Nou, dejando su presencia sujeta a la evoluci\u00f3n diaria.<\/p>\n\n\n\n<p><br>La situaci\u00f3n obliga a <strong>\u00c1lvaro Arbeloa<\/strong> a replantear sus opciones t\u00e1cticas. El t\u00e9cnico deber\u00e1 estar muy pendiente del trabajo de los fisioterapeutas en Valdebebas para saber si podr\u00e1 contar con su m\u00e1xima referencia ofensiva en el Cl\u00e1sico. Si la recuperaci\u00f3n no progresa de forma acelerada en los pr\u00f3ximos d\u00edas, el cuerpo t\u00e9cnico tendr\u00e1 que buscar alternativas en la plantilla para cubrir una ausencia que condicionar\u00eda el planteamiento del partido m\u00e1s esperado de la temporada. Por ahora, el jugador iniciar\u00e1 su proceso de rehabilitaci\u00f3n con la mirada puesta en llegar a tiempo.<\/p>\n\n\n\n<p><\/p>\n","protected":false},"excerpt":{"rendered":"<p>El Real Madrid ha emitido un parte m\u00e9dico oficial tras las pruebas realizadas este lunes&#8230;<\/p>\n","protected":false},"author":11,"featured_media":5689,"comment_status":"closed","ping_status":"closed","sticky":true,"template":"","format":"standard","meta":{"footnotes":""},"categories":[104],"tags":[],"class_list":["post-5688","post","type-post","status-publish","format-standard","has-post-thumbnail","hentry","category-la-liga"],"views":14,"featured_image_urls":{"full":["https:\/\/multideportes.tv\/wp-content\/uploads\/2026\/04\/file_00000000dd7c7246ae81a0d0654a81f9.png",1586,992,false],"thumbnail":["https:\/\/multideportes.tv\/wp-content\/uploads\/2026\/04\/file_00000000dd7c7246ae81a0d0654a81f9-150x150.png",150,150,true],"medium":["https:\/\/multideportes.tv\/wp-content\/uploads\/2026\/04\/file_00000000dd7c7246ae81a0d0654a81f9-300x188.png",300,188,true],"medium_large":["https:\/\/multideportes.tv\/wp-content\/uploads\/2026\/04\/file_00000000dd7c7246ae81a0d0654a81f9-768x480.png",640,400,true],"large":["https:\/\/multideportes.tv\/wp-content\/uploads\/2026\/04\/file_00000000dd7c7246ae81a0d0654a81f9-1024x640.png",640,400,true],"1536x1536":["https:\/\/multideportes.tv\/wp-content\/uploads\/2026\/04\/file_00000000dd7c7246ae81a0d0654a81f9-1536x961.png",1536,961,true],"2048x2048":["https:\/\/multideportes.tv\/wp-content\/uploads\/2026\/04\/file_00000000dd7c7246ae81a0d0654a81f9.png",1586,992,false],"covernews-slider-full":["https:\/\/multideportes.tv\/wp-content\/uploads\/2026\/04\/file_00000000dd7c7246ae81a0d0654a81f9-1115x715.png",1115,715,true],"covernews-slider-center":["https:\/\/multideportes.tv\/wp-content\/uploads\/2026\/04\/file_00000000dd7c7246ae81a0d0654a81f9-800x500.png",800,500,true],"covernews-featured":["https:\/\/multideportes.tv\/wp-content\/uploads\/2026\/04\/file_00000000dd7c7246ae81a0d0654a81f9-1024x640.png",1024,640,true],"covernews-medium":["https:\/\/multideportes.tv\/wp-content\/uploads\/2026\/04\/file_00000000dd7c7246ae81a0d0654a81f9-540x340.png",540,340,true],"covernews-medium-square":["https:\/\/multideportes.tv\/wp-content\/uploads\/2026\/04\/file_00000000dd7c7246ae81a0d0654a81f9-400x250.png",400,250,true]},"author_info":{"display_name":"Gilmar Zambrano","author_link":"https:\/\/multideportes.tv\/?author=11"},"category_info":"<a href=\"https:\/\/multideportes.tv\/?cat=104\" rel=\"category\">La Liga<\/a>","tag_info":"La Liga","comment_count":"0","_links":{"self":[{"href":"https:\/\/multideportes.tv\/index.php?rest_route=\/wp\/v2\/posts\/5688","targetHints":{"allow":["GET"]}}],"collection":[{"href":"https:\/\/multideportes.tv\/index.php?rest_route=\/wp\/v2\/posts"}],"about":[{"href":"https:\/\/multideportes.tv\/index.php?rest_route=\/wp\/v2\/types\/post"}],"author":[{"embeddable":true,"href":"https:\/\/multideportes.tv\/index.php?rest_route=\/wp\/v2\/users\/11"}],"replies":[{"embeddable":true,"href":"https:\/\/multideportes.tv\/index.php?rest_route=%2Fwp%2Fv2%2Fcomments&post=5688"}],"version-history":[{"count":1,"href":"https:\/\/multideportes.tv\/index.php?rest_route=\/wp\/v2\/posts\/5688\/revisions"}],"predecessor-version":[{"id":5690,"href":"https:\/\/multideportes.tv\/index.php?rest_route=\/wp\/v2\/posts\/5688\/revisions\/5690"}],"wp:featuredmedia":[{"embeddable":true,"href":"https:\/\/multideportes.tv\/index.php?rest_route=\/wp\/v2\/media\/5689"}],"wp:attachment":[{"href":"https:\/\/multideportes.tv\/index.php?rest_route=%2Fwp%2Fv2%2Fmedia&parent=5688"}],"wp:term":[{"taxonomy":"category","embeddable":true,"href":"https:\/\/multideportes.tv\/index.php?rest_route=%2Fwp%2Fv2%2Fcategories&post=5688"},{"taxonomy":"post_tag","embeddable":true,"href":"https:\/\/multideportes.tv\/index.php?rest_route=%2Fwp%2Fv2%2Ftags&post=5688"}],"curies":[{"name":"wp","href":"https:\/\/api.w.org\/{rel}","templated":true}]}}