{"id":5691,"date":"2026-04-27T09:07:25","date_gmt":"2026-04-27T15:07:25","guid":{"rendered":"https:\/\/multideportes.tv\/?p=5691"},"modified":"2026-04-27T09:07:27","modified_gmt":"2026-04-27T15:07:27","slug":"modric-sera-operado-del-pomulo","status":"publish","type":"post","link":"https:\/\/multideportes.tv\/?p=5691","title":{"rendered":"Modri\u0107 ser\u00e1 operado del p\u00f3mulo"},"content":{"rendered":"\n<p>\u200b<strong>Luka Modri\u0107<\/strong> pasar\u00e1 por el quir\u00f3fano tras sufrir una fractura en el p\u00f3mulo izquierdo. El jugador del AC Milan tuvo que abandonar el campo en el minuto 80 del partido contra la Juventus despu\u00e9s de un fuerte choque de cabezas con Manuel Locatelli.<\/p>\n\n\n\n<h3 class=\"wp-block-heading\">\u200bEl accidente<\/h3>\n\n\n\n<p>\u200bEl impacto ocurri\u00f3 en una disputa de bal\u00f3n donde ambos futbolistas golpearon sus cabezas. Modri\u0107 fue el m\u00e1s afectado y los servicios m\u00e9dicos confirmaron r\u00e1pidamente que la lesi\u00f3n requer\u00eda cirug\u00eda. El jugador fue trasladado para ser evaluado y se decidi\u00f3 que la intervenci\u00f3n se realice en las pr\u00f3ximas horas.<\/p>\n\n\n\n<h3 class=\"wp-block-heading\">\u200bPlazos de baja<\/h3>\n\n\n\n<p>\u200bAunque el club no ha dado fechas exactas, se espera que el croata est\u00e9 fuera de las canchas por lo menos <strong>tres semanas<\/strong>. Su regreso depender\u00e1 de c\u00f3mo evolucione tras la operaci\u00f3n y de su adaptaci\u00f3n al uso de una protecci\u00f3n facial para evitar nuevos golpes en la zona.<\/p>\n\n\n\n<h3 class=\"wp-block-heading\">\u200bImpacto en el Milan<\/h3>\n\n\n\n<p>\u200bLa ausencia del <strong>dorsal 14<\/strong> es un problema serio para el equipo en este momento de la temporada. Modri\u0107 ven\u00eda siendo titular indiscutible y el motor del juego en el mediocampo. El club informar\u00e1 sobre el resultado de la operaci\u00f3n una vez que el jugador salga del hospital.<\/p>\n\n\n\n<p><\/p>\n","protected":false},"excerpt":{"rendered":"<p>\u200bLuka Modri\u0107 pasar\u00e1 por el quir\u00f3fano tras sufrir una fractura en el p\u00f3mulo izquierdo. El&#8230;<\/p>\n","protected":false},"author":11,"featured_media":5692,"comment_status":"closed","ping_status":"closed","sticky":true,"template":"","format":"standard","meta":{"footnotes":""},"categories":[113],"tags":[],"class_list":["post-5691","post","type-post","status-publish","format-standard","has-post-thumbnail","hentry","category-liga-de-italia"],"views":33,"featured_image_urls":{"full":["https:\/\/multideportes.tv\/wp-content\/uploads\/2026\/04\/file_0000000092dc71f49baaeb34bea27476.png",1586,992,false],"thumbnail":["https:\/\/multideportes.tv\/wp-content\/uploads\/2026\/04\/file_0000000092dc71f49baaeb34bea27476-150x150.png",150,150,true],"medium":["https:\/\/multideportes.tv\/wp-content\/uploads\/2026\/04\/file_0000000092dc71f49baaeb34bea27476-300x188.png",300,188,true],"medium_large":["https:\/\/multideportes.tv\/wp-content\/uploads\/2026\/04\/file_0000000092dc71f49baaeb34bea27476-768x480.png",640,400,true],"large":["https:\/\/multideportes.tv\/wp-content\/uploads\/2026\/04\/file_0000000092dc71f49baaeb34bea27476-1024x640.png",640,400,true],"1536x1536":["https:\/\/multideportes.tv\/wp-content\/uploads\/2026\/04\/file_0000000092dc71f49baaeb34bea27476-1536x961.png",1536,961,true],"2048x2048":["https:\/\/multideportes.tv\/wp-content\/uploads\/2026\/04\/file_0000000092dc71f49baaeb34bea27476.png",1586,992,false],"covernews-slider-full":["https:\/\/multideportes.tv\/wp-content\/uploads\/2026\/04\/file_0000000092dc71f49baaeb34bea27476-1115x715.png",1115,715,true],"covernews-slider-center":["https:\/\/multideportes.tv\/wp-content\/uploads\/2026\/04\/file_0000000092dc71f49baaeb34bea27476-800x500.png",800,500,true],"covernews-featured":["https:\/\/multideportes.tv\/wp-content\/uploads\/2026\/04\/file_0000000092dc71f49baaeb34bea27476-1024x640.png",1024,640,true],"covernews-medium":["https:\/\/multideportes.tv\/wp-content\/uploads\/2026\/04\/file_0000000092dc71f49baaeb34bea27476-540x340.png",540,340,true],"covernews-medium-square":["https:\/\/multideportes.tv\/wp-content\/uploads\/2026\/04\/file_0000000092dc71f49baaeb34bea27476-400x250.png",400,250,true]},"author_info":{"display_name":"Gilmar Zambrano","author_link":"https:\/\/multideportes.tv\/?author=11"},"category_info":"<a href=\"https:\/\/multideportes.tv\/?cat=113\" rel=\"category\">Liga de Italia<\/a>","tag_info":"Liga de Italia","comment_count":"0","_links":{"self":[{"href":"https:\/\/multideportes.tv\/index.php?rest_route=\/wp\/v2\/posts\/5691","targetHints":{"allow":["GET"]}}],"collection":[{"href":"https:\/\/multideportes.tv\/index.php?rest_route=\/wp\/v2\/posts"}],"about":[{"href":"https:\/\/multideportes.tv\/index.php?rest_route=\/wp\/v2\/types\/post"}],"author":[{"embeddable":true,"href":"https:\/\/multideportes.tv\/index.php?rest_route=\/wp\/v2\/users\/11"}],"replies":[{"embeddable":true,"href":"https:\/\/multideportes.tv\/index.php?rest_route=%2Fwp%2Fv2%2Fcomments&post=5691"}],"version-history":[{"count":1,"href":"https:\/\/multideportes.tv\/index.php?rest_route=\/wp\/v2\/posts\/5691\/revisions"}],"predecessor-version":[{"id":5693,"href":"https:\/\/multideportes.tv\/index.php?rest_route=\/wp\/v2\/posts\/5691\/revisions\/5693"}],"wp:featuredmedia":[{"embeddable":true,"href":"https:\/\/multideportes.tv\/index.php?rest_route=\/wp\/v2\/media\/5692"}],"wp:attachment":[{"href":"https:\/\/multideportes.tv\/index.php?rest_route=%2Fwp%2Fv2%2Fmedia&parent=5691"}],"wp:term":[{"taxonomy":"category","embeddable":true,"href":"https:\/\/multideportes.tv\/index.php?rest_route=%2Fwp%2Fv2%2Fcategories&post=5691"},{"taxonomy":"post_tag","embeddable":true,"href":"https:\/\/multideportes.tv\/index.php?rest_route=%2Fwp%2Fv2%2Ftags&post=5691"}],"curies":[{"name":"wp","href":"https:\/\/api.w.org\/{rel}","templated":true}]}}